{"id":42,"date":"2026-04-02T05:19:24","date_gmt":"2026-04-02T05:19:24","guid":{"rendered":"https:\/\/www.biblioteconomiaeducativa.com.br\/cibe2026\/?p=42"},"modified":"2026-04-30T22:08:20","modified_gmt":"2026-04-30T22:08:20","slug":"sessao-ufmg","status":"publish","type":"post","link":"https:\/\/www.biblioteconomiaeducativa.com.br\/cibe2026\/2026\/04\/02\/sessao-ufmg\/","title":{"rendered":"Sess\u00e3o UFMG"},"content":{"rendered":"\n<p class=\"has-white-background-color has-background\" id=\"block-d4b2938d-35e1-476e-8b97-27416bcc96ec\"><strong>Sess\u00e3o UFMG<\/strong><\/p>\n\n\n\n<p><strong>Data: 25\/05<\/strong><br><strong>Modalidade: Presencial e Online<\/strong><br><strong>Local: Audit\u00f3rio Adriana Bogliolo \/Escola de Ci\u00eancia da Informa\u00e7\u00e3o(ECI)\/UFMG\/Campus Pampulha<\/strong><br><strong>Link de Inscri\u00e7\u00e3o:&nbsp;<\/strong><a href=\"https:\/\/tinyurl.com\/mu2weu6a\">https:\/\/tinyurl.com\/mu2weu6a<\/a><br><strong>Link da transmiss\u00e3o:&nbsp;<\/strong>Canal do Youtube da ECI\/UFMG&nbsp;&nbsp;<a href=\"https:\/\/www.youtube.com\/channel\/UCvv02Y36b7zvgM8y2ytTefA\">https:\/\/www.youtube.com\/channel\/UCvv02Y36b7zvgM8y2ytTefA<\/a>&nbsp;<\/p>\n\n\n\n<p><strong>Tema<\/strong>:&nbsp;<em>Novas perspectivas na pesquisa sobre biblioteca escolar: pol\u00edticas, pr\u00e1ticas, media\u00e7\u00f5es e protagonismo cultural<\/em><br>19:30\u201321:30 |<\/p>\n\n\n\n<p id=\"block-d4b2938d-35e1-476e-8b97-27416bcc96ec\"><strong>Abertura<\/strong>: Prof. Dr. Eduardo Valadares da Silva (Diretoria ECI\/UFMG);<br>Profa. Dra. Dalgiza Andrade Oliveira (INCT Gestrado e ECI\/UFMG)<br><strong>Palestra<\/strong>:&nbsp;<em>Al\u00e9m da invisibilidade e do sil\u00eancio: a biblioteca escolar como espa\u00e7o pedag\u00f3gico, cultural e de conviv\u00eancia<\/em>. Dra. Michelle Karina Assun\u00e7\u00e3o Costa (UFMG).<br><strong>Palestra<\/strong><em>: Relato de pesquisa e saberes da experi\u00eancia \u2013 um&nbsp;programa de aprendizagem de \u2018saberes informacionais atitudinais\u2019 no contexto da&nbsp;Esta\u00e7\u00e3o do Conhecimento Einstein-Parais\u00f3polis, em S\u00e3o Paulo.<\/em>&nbsp;Prof. Dr. Marcos Paulo de Passos (UFMG).<br><strong>Media\u00e7\u00e3o<\/strong>:&nbsp;Profa. Dra. Mar\u00edlia Paiva (UFMG)<\/p>\n","protected":false},"excerpt":{"rendered":"<p>Sess\u00e3o UFMG Data: 25\/05Modalidade: Presencial e OnlineLocal: Audit\u00f3rio Adriana Bogliolo \/Escola de Ci\u00eancia da Informa\u00e7\u00e3o(ECI)\/UFMG\/Campus PampulhaLink de Inscri\u00e7\u00e3o:&nbsp;https:\/\/tinyurl.com\/mu2weu6aLink da transmiss\u00e3o:&nbsp;Canal do Youtube da ECI\/UFMG&nbsp;&nbsp;https:\/\/www.youtube.com\/channel\/UCvv02Y36b7zvgM8y2ytTefA&nbsp; Tema:&nbsp;Novas perspectivas na pesquisa sobre biblioteca escolar: pol\u00edticas, pr\u00e1ticas, media\u00e7\u00f5es e protagonismo cultural19:30\u201321:30 | Abertura: Prof. Dr. Eduardo Valadares da Silva (Diretoria ECI\/UFMG);Profa. Dra. Dalgiza Andrade Oliveira (INCT Gestrado e ECI\/UFMG)Palestra:&nbsp;Al\u00e9m&#8230;<\/p>\n","protected":false},"author":2,"featured_media":50,"comment_status":"open","ping_status":"open","sticky":false,"template":"","format":"standard","meta":{"footnotes":""},"categories":[5],"tags":[],"class_list":["post-42","post","type-post","status-publish","format-standard","has-post-thumbnail","hentry","category-forum-internacional-de-biblioteconomia-educativa"],"_links":{"self":[{"href":"https:\/\/www.biblioteconomiaeducativa.com.br\/cibe2026\/wp-json\/wp\/v2\/posts\/42","targetHints":{"allow":["GET"]}}],"collection":[{"href":"https:\/\/www.biblioteconomiaeducativa.com.br\/cibe2026\/wp-json\/wp\/v2\/posts"}],"about":[{"href":"https:\/\/www.biblioteconomiaeducativa.com.br\/cibe2026\/wp-json\/wp\/v2\/types\/post"}],"author":[{"embeddable":true,"href":"https:\/\/www.biblioteconomiaeducativa.com.br\/cibe2026\/wp-json\/wp\/v2\/users\/2"}],"replies":[{"embeddable":true,"href":"https:\/\/www.biblioteconomiaeducativa.com.br\/cibe2026\/wp-json\/wp\/v2\/comments?post=42"}],"version-history":[{"count":7,"href":"https:\/\/www.biblioteconomiaeducativa.com.br\/cibe2026\/wp-json\/wp\/v2\/posts\/42\/revisions"}],"predecessor-version":[{"id":789,"href":"https:\/\/www.biblioteconomiaeducativa.com.br\/cibe2026\/wp-json\/wp\/v2\/posts\/42\/revisions\/789"}],"wp:featuredmedia":[{"embeddable":true,"href":"https:\/\/www.biblioteconomiaeducativa.com.br\/cibe2026\/wp-json\/wp\/v2\/media\/50"}],"wp:attachment":[{"href":"https:\/\/www.biblioteconomiaeducativa.com.br\/cibe2026\/wp-json\/wp\/v2\/media?parent=42"}],"wp:term":[{"taxonomy":"category","embeddable":true,"href":"https:\/\/www.biblioteconomiaeducativa.com.br\/cibe2026\/wp-json\/wp\/v2\/categories?post=42"},{"taxonomy":"post_tag","embeddable":true,"href":"https:\/\/www.biblioteconomiaeducativa.com.br\/cibe2026\/wp-json\/wp\/v2\/tags?post=42"}],"curies":[{"name":"wp","href":"https:\/\/api.w.org\/{rel}","templated":true}]}}