{"id":44,"date":"2026-04-02T05:19:44","date_gmt":"2026-04-02T05:19:44","guid":{"rendered":"https:\/\/www.biblioteconomiaeducativa.com.br\/cibe2026\/?p=44"},"modified":"2026-04-30T22:08:03","modified_gmt":"2026-04-30T22:08:03","slug":"sessao-ufrn","status":"publish","type":"post","link":"https:\/\/www.biblioteconomiaeducativa.com.br\/cibe2026\/2026\/04\/02\/sessao-ufrn\/","title":{"rendered":"Sess\u00e3o UFRN"},"content":{"rendered":"\n<p><strong>Data: 26\/05<\/strong><br><strong>Modalidade: Somente Online<\/strong><br><strong>Link de Inscri\u00e7\u00e3o:\u00a0<\/strong><a href=\"https:\/\/sigaa.ufrn.br\/sigaa\/public\/extensao\/paginaListaPeriodosInscricoesAtividadesPublico.jsf?aba=p-extensao\">Link<\/a><br><strong>Link da transmiss\u00e3o:\u00a0<\/strong><a href=\"https:\/\/www.youtube.com\/live\/wDGMWEfDcn8?si=QF98SwzgRAvh1re5\">Canal do Youtube da BiblioUFRN<\/a><\/p>\n\n\n\n<p><strong>Tema<\/strong>: Perspectivas contempor\u00e2neas da media\u00e7\u00e3o: informa\u00e7\u00e3o, literatura e sociedade<br>13:30\u201315:00 |<br><strong>Palestra<\/strong>:&nbsp;<em>Bases conceituais da media\u00e7\u00e3o<\/em>. Profa. Dra. Simone Borges Paiva Okuzono (UNIRIO)<br><em><strong>Palestra<\/strong><\/em>:&nbsp;<em>Media\u00e7\u00e3o liter\u00e1ria e extens\u00e3o<\/em>. Profa. Dra. Leoneide Maria Brito Martins (UFMA)<\/p>\n\n\n\n<p><strong>Palestra<\/strong>:&nbsp;<em>Media\u00e7\u00e3o da informa\u00e7\u00e3o e desenvolvimento sustent\u00e1vel<\/em>. Prof. Dr. Jonathas Luiz Carvalho Silva (UFC)<br>Media\u00e7\u00e3o: Profa. Dra. Gabrielle Francinne de S. C. Tanus (UFRN).<\/p>\n","protected":false},"excerpt":{"rendered":"<p>Data: 26\/05Modalidade: Somente OnlineLink de Inscri\u00e7\u00e3o:\u00a0LinkLink da transmiss\u00e3o:\u00a0Canal do Youtube da BiblioUFRN Tema: Perspectivas contempor\u00e2neas da media\u00e7\u00e3o: informa\u00e7\u00e3o, literatura e sociedade13:30\u201315:00 |Palestra:&nbsp;Bases conceituais da media\u00e7\u00e3o. Profa. Dra. Simone Borges Paiva Okuzono (UNIRIO)Palestra:&nbsp;Media\u00e7\u00e3o liter\u00e1ria e extens\u00e3o. Profa. Dra. Leoneide Maria Brito Martins (UFMA) Palestra:&nbsp;Media\u00e7\u00e3o da informa\u00e7\u00e3o e desenvolvimento sustent\u00e1vel. Prof. Dr. Jonathas Luiz Carvalho Silva (UFC)Media\u00e7\u00e3o:&#8230;<\/p>\n","protected":false},"author":2,"featured_media":49,"comment_status":"open","ping_status":"open","sticky":false,"template":"","format":"standard","meta":{"footnotes":""},"categories":[5],"tags":[],"class_list":["post-44","post","type-post","status-publish","format-standard","has-post-thumbnail","hentry","category-forum-internacional-de-biblioteconomia-educativa"],"_links":{"self":[{"href":"https:\/\/www.biblioteconomiaeducativa.com.br\/cibe2026\/wp-json\/wp\/v2\/posts\/44","targetHints":{"allow":["GET"]}}],"collection":[{"href":"https:\/\/www.biblioteconomiaeducativa.com.br\/cibe2026\/wp-json\/wp\/v2\/posts"}],"about":[{"href":"https:\/\/www.biblioteconomiaeducativa.com.br\/cibe2026\/wp-json\/wp\/v2\/types\/post"}],"author":[{"embeddable":true,"href":"https:\/\/www.biblioteconomiaeducativa.com.br\/cibe2026\/wp-json\/wp\/v2\/users\/2"}],"replies":[{"embeddable":true,"href":"https:\/\/www.biblioteconomiaeducativa.com.br\/cibe2026\/wp-json\/wp\/v2\/comments?post=44"}],"version-history":[{"count":8,"href":"https:\/\/www.biblioteconomiaeducativa.com.br\/cibe2026\/wp-json\/wp\/v2\/posts\/44\/revisions"}],"predecessor-version":[{"id":951,"href":"https:\/\/www.biblioteconomiaeducativa.com.br\/cibe2026\/wp-json\/wp\/v2\/posts\/44\/revisions\/951"}],"wp:featuredmedia":[{"embeddable":true,"href":"https:\/\/www.biblioteconomiaeducativa.com.br\/cibe2026\/wp-json\/wp\/v2\/media\/49"}],"wp:attachment":[{"href":"https:\/\/www.biblioteconomiaeducativa.com.br\/cibe2026\/wp-json\/wp\/v2\/media?parent=44"}],"wp:term":[{"taxonomy":"category","embeddable":true,"href":"https:\/\/www.biblioteconomiaeducativa.com.br\/cibe2026\/wp-json\/wp\/v2\/categories?post=44"},{"taxonomy":"post_tag","embeddable":true,"href":"https:\/\/www.biblioteconomiaeducativa.com.br\/cibe2026\/wp-json\/wp\/v2\/tags?post=44"}],"curies":[{"name":"wp","href":"https:\/\/api.w.org\/{rel}","templated":true}]}}