{"id":46,"date":"2026-04-02T05:20:05","date_gmt":"2026-04-02T05:20:05","guid":{"rendered":"https:\/\/www.biblioteconomiaeducativa.com.br\/cibe2026\/?p=46"},"modified":"2026-04-30T22:07:17","modified_gmt":"2026-04-30T22:07:17","slug":"sessao-unirio-unir","status":"publish","type":"post","link":"https:\/\/www.biblioteconomiaeducativa.com.br\/cibe2026\/2026\/04\/02\/sessao-unirio-unir\/","title":{"rendered":"Sess\u00e3o\u00a0UNIRIO-UNIR"},"content":{"rendered":"\n<p><strong>Data: 27\/05<\/strong><br><strong>Modalidade: Somente Online<\/strong><br><strong>Link de Inscri\u00e7\u00e3o:\u00a0<\/strong><a href=\"https:\/\/sigaa.unir.br\/sigaa\/public\/extensao\/paginaListaPeriodosInscricoesAtividadesPublico.jsf?aba=p-extensao\">Link<\/a><br><strong>Link da transmiss\u00e3o:\u00a0<\/strong><a href=\"https:\/\/www.youtube.com\/@biblioteconomia_unirio\">Canal do Youtube da Biblioteconomia \u2013 UNIR<\/a><\/p>\n\n\n\n<p><strong>Tema<\/strong>: Biblioteca e Educa\u00e7\u00e3o: quest\u00f5es emergentes<br>13:30\u201314:00 |&nbsp;<strong>Abertura<\/strong>. Profa. Dra. Simone Borges Paiva Okuzono (UNIRIO), Profa. Dra. Jussara S. Pimenta (UNIR), Prof Dr. Pedro Andretta (UNIR) e Profa. Dra. Kelly Melo (UNIRIO).<br>14:00\u201314:50 |&nbsp;<strong>Palestra<\/strong>:&nbsp;<em>Experi\u00eancias em Biblioteconomia e Inclus\u00e3o Social:<\/em>&nbsp;<em>Pr\u00e1ticas desenvolvidas por organiza\u00e7\u00f5es da sociedade civil: Biblioteconomia, Educa\u00e7\u00e3o e inclus\u00e3o digital: contribui\u00e7\u00f5es em contextos de vulnerabilidade<\/em>. Dra. Rossana Moura (Presidente do Instituto Anjos Digitais \u2013 IAD)<br>Media\u00e7\u00e3o: Profa. Dra. Kelly Melo (UNIRIO)<br>14h50\u201315h40 |&nbsp;<strong>Palestra<\/strong>:&nbsp;<em>Biblioteca e Educa\u00e7\u00e3o: Biblioteca como Espa\u00e7o Educativo: entre Arquitetura, Organiza\u00e7\u00e3o Multin\u00edvel e Pr\u00e1ticas de Forma\u00e7\u00e3o<\/em>. Dra. Miri\u00e3 Santana Veiga (IFRO) e Me. Kazuo Kadowaki (UNIR)<br>Media\u00e7\u00e3o: Profa. Dra. Marina Moreira (IFC)<br>15h40\u201315h50 | Intervalo<br>15h50\u201316h40 |&nbsp;<strong>Palestra<\/strong>: Referenciais internacionais:&nbsp;<em>O desenvolvimento de bibliotecas escolares, ensino e aprendizagem: uma perspectiva do Qu\u00e9bec, Canad\u00e1<\/em>. Doutoranda Marie-H\u00e9l\u00e8ne Charest, sob orienta\u00e7\u00e3o do Prof. Dr. \u00c9rick Falardeau, Univ. Laval (Bibliotec\u00e1ria Escolar, MSI).<br>Media\u00e7\u00e3o:&nbsp;Profa. Dra. Simone Borges Paiva Okuzono (UNIRIO)<\/p>\n","protected":false},"excerpt":{"rendered":"<p>Data: 27\/05Modalidade: Somente OnlineLink de Inscri\u00e7\u00e3o:\u00a0LinkLink da transmiss\u00e3o:\u00a0Canal do Youtube da Biblioteconomia \u2013 UNIR Tema: Biblioteca e Educa\u00e7\u00e3o: quest\u00f5es emergentes13:30\u201314:00 |&nbsp;Abertura. Profa. Dra. Simone Borges Paiva Okuzono (UNIRIO), Profa. Dra. Jussara S. Pimenta (UNIR), Prof Dr. Pedro Andretta (UNIR) e Profa. Dra. Kelly Melo (UNIRIO).14:00\u201314:50 |&nbsp;Palestra:&nbsp;Experi\u00eancias em Biblioteconomia e Inclus\u00e3o Social:&nbsp;Pr\u00e1ticas desenvolvidas por organiza\u00e7\u00f5es da&#8230;<\/p>\n","protected":false},"author":2,"featured_media":48,"comment_status":"open","ping_status":"open","sticky":false,"template":"","format":"standard","meta":{"footnotes":""},"categories":[5],"tags":[],"class_list":["post-46","post","type-post","status-publish","format-standard","has-post-thumbnail","hentry","category-forum-internacional-de-biblioteconomia-educativa"],"_links":{"self":[{"href":"https:\/\/www.biblioteconomiaeducativa.com.br\/cibe2026\/wp-json\/wp\/v2\/posts\/46","targetHints":{"allow":["GET"]}}],"collection":[{"href":"https:\/\/www.biblioteconomiaeducativa.com.br\/cibe2026\/wp-json\/wp\/v2\/posts"}],"about":[{"href":"https:\/\/www.biblioteconomiaeducativa.com.br\/cibe2026\/wp-json\/wp\/v2\/types\/post"}],"author":[{"embeddable":true,"href":"https:\/\/www.biblioteconomiaeducativa.com.br\/cibe2026\/wp-json\/wp\/v2\/users\/2"}],"replies":[{"embeddable":true,"href":"https:\/\/www.biblioteconomiaeducativa.com.br\/cibe2026\/wp-json\/wp\/v2\/comments?post=46"}],"version-history":[{"count":12,"href":"https:\/\/www.biblioteconomiaeducativa.com.br\/cibe2026\/wp-json\/wp\/v2\/posts\/46\/revisions"}],"predecessor-version":[{"id":950,"href":"https:\/\/www.biblioteconomiaeducativa.com.br\/cibe2026\/wp-json\/wp\/v2\/posts\/46\/revisions\/950"}],"wp:featuredmedia":[{"embeddable":true,"href":"https:\/\/www.biblioteconomiaeducativa.com.br\/cibe2026\/wp-json\/wp\/v2\/media\/48"}],"wp:attachment":[{"href":"https:\/\/www.biblioteconomiaeducativa.com.br\/cibe2026\/wp-json\/wp\/v2\/media?parent=46"}],"wp:term":[{"taxonomy":"category","embeddable":true,"href":"https:\/\/www.biblioteconomiaeducativa.com.br\/cibe2026\/wp-json\/wp\/v2\/categories?post=46"},{"taxonomy":"post_tag","embeddable":true,"href":"https:\/\/www.biblioteconomiaeducativa.com.br\/cibe2026\/wp-json\/wp\/v2\/tags?post=46"}],"curies":[{"name":"wp","href":"https:\/\/api.w.org\/{rel}","templated":true}]}}